{"id":2377,"date":"2020-12-20T20:10:00","date_gmt":"2020-12-20T19:10:00","guid":{"rendered":"https:\/\/makutano.cd\/?p=2377"},"modified":"2021-03-20T14:28:19","modified_gmt":"2021-03-20T13:28:19","slug":"application-de-la-loi-de-la-sous-traitance-en-republique-democratique-du-congo-analyse-de-la-rationalite-economico-juridique","status":"publish","type":"post","link":"https:\/\/makutano.cd\/en\/application-de-la-loi-de-la-sous-traitance-en-republique-democratique-du-congo-analyse-de-la-rationalite-economico-juridique\/","title":{"rendered":"\u00ab Application de la loi de la sous-traitance en R\u00e9publique d\u00e9mocratique du Congo : Analyse de la rationalit\u00e9 \u00e9conomico-juridique \u00bb"},"content":{"rendered":"<p><strong>Jour : Jeudi, 10 d\u00e9cembre 2020, 13h30 \u2013 14h45 Kinshasa time.<br>Lieu : Restaurant &amp; Terrasse Okapi, Pullman Grand Hotel<br>Mod\u00e9rateurs : Blaise Mbatshi et Willy Kalengayi<br>Intervenants : Prof. Andr\u00e9 Nyembwe et M. Ahmed Kalej Nkand, Dg ARSP<\/strong><\/p>\n\n\n\n<p class=\"has-medium-font-size\"><strong>CONTEXTE<\/strong><\/p>\n\n\n\n<p>A la suite de la promulgation de la Loi n\u00b0 17\/001 du 08 f\u00e9vrier 2017 fixant les r\u00e8gles applicables \u00e0 la sous-traitance dans le secteur priv\u00e9, compl\u00e9t\u00e9e par le D\u00e9cret n\u00b0 18\/018 du 24 mai 2018 portant mesures d\u2019application, un cadre d\u2019exercice de l\u2019activit\u00e9 \u00e9conomique cens\u00e9 partiellement transf\u00e9rer la richesse cr\u00e9\u00e9e sur le territoire national, mais d\u00e9tenue par les investisseurs \u00e9trangers, est mis en place. L\u2019Institut Makutano a entrepris une analyse prospective multidisciplinaire sur les effets probables de cette application en interrogeant la rationalit\u00e9 juridique et \u00e9conomique en rapport avec le transfert de technologie, les contraintes financi\u00e8res, le climat des affaires, l\u2019efficacit\u00e9 \u00e9conomique et la coop\u00e9ration \u00e9conomique r\u00e9gionale ou internationale.<\/p>\n\n\n\n<p>Cette analyse \u00e9conomico-juridique s\u2019inspire notamment des exp\u00e9riences initi\u00e9es dans d\u2019autres pays en int\u00e9grant une grille de lecture comparative. Elle sugg\u00e8re des pistes pour un recadrage juridico institutionnel sans lequel les effets pervers de ladite application pourraient \u00e9vincer les b\u00e9n\u00e9fices attendus, au risque de compromettre le d\u00e9veloppement industriel tant souhait\u00e9.<sup>1<\/sup><\/p>\n\n\n\n<p>Pour discuter de cette th\u00e9matique, deux intervenants ont r\u00e9pondu au rendez-vous de ce d\u00e9jeuner-d\u00e9bat, en l\u2019occurrence le Prof. Andr\u00e9 Nyembwe et Monsieur Ahmed Kalej Nkand, Directeur G\u00e9n\u00e9ral de l\u2019Autorit\u00e9 de r\u00e9gulation de la sous-traitance dans le secteur priv\u00e9 (ARSP).<\/p>\n\n\n\n<div class=\"wp-block-buttons is-layout-flex wp-block-buttons-is-layout-flex\">\n<div class=\"wp-block-button\"><a class=\"wp-block-button__link\" href=\"https:\/\/makutano.cd\/wp-content\/uploads\/2020\/12\/Actes-de-conference-02-2020-Application-loi-de-la-Sous-traitance.pdf\" target=\"_blank\" rel=\"noreferrer noopener\">READ THE DOCUMENT<\/a><\/div>\n<\/div>","protected":false},"excerpt":{"rendered":"<p>Jour : Jeudi, 10 d\u00e9cembre 2020, 13h30 \u2013 14h45 Kinshasa time.Lieu : Restaurant &amp; Terrasse Okapi, Pullman Grand HotelMod\u00e9rateurs : Blaise Mbatshi et Willy KalengayiIntervenants : Prof. Andr\u00e9 Nyembwe et M. Ahmed Kalej Nkand, Dg ARSP CONTEXTE A la suite de la promulgation de la Loi n\u00b0 17\/001 du 08 f\u00e9vrier 2017 fixant les r\u00e8gles [&hellip;]<\/p>\n","protected":false},"author":3,"featured_media":1290,"comment_status":"open","ping_status":"open","sticky":false,"template":"","format":"standard","meta":{"inline_featured_image":false,"footnotes":""},"categories":[17],"tags":[19],"class_list":["post-2377","post","type-post","status-publish","format-standard","has-post-thumbnail","hentry","category-documents-de-travail","tag-protected"],"yoast_head":"<!-- This site is optimized with the Yoast SEO plugin v27.5 - https:\/\/yoast.com\/product\/yoast-seo-wordpress\/ -->\n<title>\u00ab Application de la loi de la sous-traitance en R\u00e9publique d\u00e9mocratique du Congo : Analyse de la rationalit\u00e9 \u00e9conomico-juridique \u00bb - Makutano<\/title>\n<meta name=\"robots\" content=\"index, follow, max-snippet:-1, max-image-preview:large, max-video-preview:-1\" \/>\n<link rel=\"canonical\" href=\"https:\/\/makutano.cd\/en\/application-de-la-loi-de-la-sous-traitance-en-republique-democratique-du-congo-analyse-de-la-rationalite-economico-juridique\/\" \/>\n<meta property=\"og:locale\" content=\"en_US\" \/>\n<meta property=\"og:type\" content=\"article\" \/>\n<meta property=\"og:title\" content=\"\u00ab Application de la loi de la sous-traitance en R\u00e9publique d\u00e9mocratique du Congo : Analyse de la rationalit\u00e9 \u00e9conomico-juridique \u00bb - Makutano\" \/>\n<meta property=\"og:description\" content=\"Jour : Jeudi, 10 d\u00e9cembre 2020, 13h30 \u2013 14h45 Kinshasa time.Lieu : Restaurant &amp; Terrasse Okapi, Pullman Grand HotelMod\u00e9rateurs : Blaise Mbatshi et Willy KalengayiIntervenants : Prof. Andr\u00e9 Nyembwe et M. Ahmed Kalej Nkand, Dg ARSP CONTEXTE A la suite de la promulgation de la Loi n\u00b0 17\/001 du 08 f\u00e9vrier 2017 fixant les r\u00e8gles [&hellip;]\" \/>\n<meta property=\"og:url\" content=\"https:\/\/makutano.cd\/en\/application-de-la-loi-de-la-sous-traitance-en-republique-democratique-du-congo-analyse-de-la-rationalite-economico-juridique\/\" \/>\n<meta property=\"og:site_name\" content=\"Makutano\" \/>\n<meta property=\"article:publisher\" content=\"https:\/\/facebook.com\/MakutanoNetwork\" \/>\n<meta property=\"article:published_time\" content=\"2020-12-20T19:10:00+00:00\" \/>\n<meta property=\"article:modified_time\" content=\"2021-03-20T13:28:19+00:00\" \/>\n<meta property=\"og:image\" content=\"https:\/\/makutano.cd\/wp-content\/uploads\/2020\/07\/blog-institut-defaut.jpg\" \/>\n\t<meta property=\"og:image:width\" content=\"1200\" \/>\n\t<meta property=\"og:image:height\" content=\"675\" \/>\n\t<meta property=\"og:image:type\" content=\"image\/jpeg\" \/>\n<meta name=\"author\" content=\"Christian\" \/>\n<meta name=\"twitter:card\" content=\"summary_large_image\" \/>\n<meta name=\"twitter:creator\" content=\"@MakutanoForum\" \/>\n<meta name=\"twitter:site\" content=\"@MakutanoForum\" \/>\n<meta name=\"twitter:label1\" content=\"Written by\" \/>\n\t<meta name=\"twitter:data1\" content=\"Christian\" \/>\n\t<meta name=\"twitter:label2\" content=\"Est. reading time\" \/>\n\t<meta name=\"twitter:data2\" content=\"1 minute\" \/>\n<script type=\"application\/ld+json\" class=\"yoast-schema-graph\">{\"@context\":\"https:\\\/\\\/schema.org\",\"@graph\":[{\"@type\":\"Article\",\"@id\":\"https:\\\/\\\/makutano.cd\\\/application-de-la-loi-de-la-sous-traitance-en-republique-democratique-du-congo-analyse-de-la-rationalite-economico-juridique\\\/#article\",\"isPartOf\":{\"@id\":\"https:\\\/\\\/makutano.cd\\\/application-de-la-loi-de-la-sous-traitance-en-republique-democratique-du-congo-analyse-de-la-rationalite-economico-juridique\\\/\"},\"author\":{\"name\":\"Christian\",\"@id\":\"https:\\\/\\\/makutano.cd\\\/fr\\\/#\\\/schema\\\/person\\\/e9c6b4a201b65eee7441dc4af62beb26\"},\"headline\":\"\u00ab Application de la loi de la sous-traitance en R\u00e9publique d\u00e9mocratique du Congo : Analyse de la rationalit\u00e9 \u00e9conomico-juridique \u00bb\",\"datePublished\":\"2020-12-20T19:10:00+00:00\",\"dateModified\":\"2021-03-20T13:28:19+00:00\",\"mainEntityOfPage\":{\"@id\":\"https:\\\/\\\/makutano.cd\\\/application-de-la-loi-de-la-sous-traitance-en-republique-democratique-du-congo-analyse-de-la-rationalite-economico-juridique\\\/\"},\"wordCount\":280,\"commentCount\":0,\"publisher\":{\"@id\":\"https:\\\/\\\/makutano.cd\\\/fr\\\/#organization\"},\"image\":{\"@id\":\"https:\\\/\\\/makutano.cd\\\/application-de-la-loi-de-la-sous-traitance-en-republique-democratique-du-congo-analyse-de-la-rationalite-economico-juridique\\\/#primaryimage\"},\"thumbnailUrl\":\"https:\\\/\\\/makutano.cd\\\/wp-content\\\/uploads\\\/2020\\\/07\\\/blog-institut-defaut.jpg\",\"keywords\":[\"protected\"],\"articleSection\":[\"Documents de travail\"],\"inLanguage\":\"en-US\"},{\"@type\":\"WebPage\",\"@id\":\"https:\\\/\\\/makutano.cd\\\/application-de-la-loi-de-la-sous-traitance-en-republique-democratique-du-congo-analyse-de-la-rationalite-economico-juridique\\\/\",\"url\":\"https:\\\/\\\/makutano.cd\\\/application-de-la-loi-de-la-sous-traitance-en-republique-democratique-du-congo-analyse-de-la-rationalite-economico-juridique\\\/\",\"name\":\"\u00ab Application de la loi de la sous-traitance en R\u00e9publique d\u00e9mocratique du Congo : Analyse de la rationalit\u00e9 \u00e9conomico-juridique \u00bb - Makutano\",\"isPartOf\":{\"@id\":\"https:\\\/\\\/makutano.cd\\\/fr\\\/#website\"},\"primaryImageOfPage\":{\"@id\":\"https:\\\/\\\/makutano.cd\\\/application-de-la-loi-de-la-sous-traitance-en-republique-democratique-du-congo-analyse-de-la-rationalite-economico-juridique\\\/#primaryimage\"},\"image\":{\"@id\":\"https:\\\/\\\/makutano.cd\\\/application-de-la-loi-de-la-sous-traitance-en-republique-democratique-du-congo-analyse-de-la-rationalite-economico-juridique\\\/#primaryimage\"},\"thumbnailUrl\":\"https:\\\/\\\/makutano.cd\\\/wp-content\\\/uploads\\\/2020\\\/07\\\/blog-institut-defaut.jpg\",\"datePublished\":\"2020-12-20T19:10:00+00:00\",\"dateModified\":\"2021-03-20T13:28:19+00:00\",\"breadcrumb\":{\"@id\":\"https:\\\/\\\/makutano.cd\\\/application-de-la-loi-de-la-sous-traitance-en-republique-democratique-du-congo-analyse-de-la-rationalite-economico-juridique\\\/#breadcrumb\"},\"inLanguage\":\"en-US\",\"potentialAction\":[{\"@type\":\"ReadAction\",\"target\":[\"https:\\\/\\\/makutano.cd\\\/application-de-la-loi-de-la-sous-traitance-en-republique-democratique-du-congo-analyse-de-la-rationalite-economico-juridique\\\/\"]}]},{\"@type\":\"ImageObject\",\"inLanguage\":\"en-US\",\"@id\":\"https:\\\/\\\/makutano.cd\\\/application-de-la-loi-de-la-sous-traitance-en-republique-democratique-du-congo-analyse-de-la-rationalite-economico-juridique\\\/#primaryimage\",\"url\":\"https:\\\/\\\/makutano.cd\\\/wp-content\\\/uploads\\\/2020\\\/07\\\/blog-institut-defaut.jpg\",\"contentUrl\":\"https:\\\/\\\/makutano.cd\\\/wp-content\\\/uploads\\\/2020\\\/07\\\/blog-institut-defaut.jpg\",\"width\":1200,\"height\":675},{\"@type\":\"BreadcrumbList\",\"@id\":\"https:\\\/\\\/makutano.cd\\\/application-de-la-loi-de-la-sous-traitance-en-republique-democratique-du-congo-analyse-de-la-rationalite-economico-juridique\\\/#breadcrumb\",\"itemListElement\":[{\"@type\":\"ListItem\",\"position\":1,\"name\":\"Accueil\",\"item\":\"https:\\\/\\\/makutano.cd\\\/\"},{\"@type\":\"ListItem\",\"position\":2,\"name\":\"\u00ab Application de la loi de la sous-traitance en R\u00e9publique d\u00e9mocratique du Congo : Analyse de la rationalit\u00e9 \u00e9conomico-juridique \u00bb\"}]},{\"@type\":\"WebSite\",\"@id\":\"https:\\\/\\\/makutano.cd\\\/fr\\\/#website\",\"url\":\"https:\\\/\\\/makutano.cd\\\/fr\\\/\",\"name\":\"Makutano\",\"description\":\"If we don&#039;t, who will ?\",\"publisher\":{\"@id\":\"https:\\\/\\\/makutano.cd\\\/fr\\\/#organization\"},\"potentialAction\":[{\"@type\":\"SearchAction\",\"target\":{\"@type\":\"EntryPoint\",\"urlTemplate\":\"https:\\\/\\\/makutano.cd\\\/fr\\\/?s={search_term_string}\"},\"query-input\":{\"@type\":\"PropertyValueSpecification\",\"valueRequired\":true,\"valueName\":\"search_term_string\"}}],\"inLanguage\":\"en-US\"},{\"@type\":\"Organization\",\"@id\":\"https:\\\/\\\/makutano.cd\\\/fr\\\/#organization\",\"name\":\"Makutano\",\"url\":\"https:\\\/\\\/makutano.cd\\\/fr\\\/\",\"logo\":{\"@type\":\"ImageObject\",\"inLanguage\":\"en-US\",\"@id\":\"https:\\\/\\\/makutano.cd\\\/fr\\\/#\\\/schema\\\/logo\\\/image\\\/\",\"url\":\"https:\\\/\\\/makutano.cd\\\/wp-content\\\/uploads\\\/2020\\\/06\\\/Logo-Makutano-inblock.svg\",\"contentUrl\":\"https:\\\/\\\/makutano.cd\\\/wp-content\\\/uploads\\\/2020\\\/06\\\/Logo-Makutano-inblock.svg\",\"width\":293,\"height\":80,\"caption\":\"Makutano\"},\"image\":{\"@id\":\"https:\\\/\\\/makutano.cd\\\/fr\\\/#\\\/schema\\\/logo\\\/image\\\/\"},\"sameAs\":[\"https:\\\/\\\/facebook.com\\\/MakutanoNetwork\",\"https:\\\/\\\/x.com\\\/MakutanoForum\",\"https:\\\/\\\/www.linkedin.com\\\/in\\\/sultanimakutano\\\/\",\"https:\\\/\\\/www.instagram.com\\\/p\\\/B192OJ8nkVx\\\/\",\"https:\\\/\\\/www.youtube.com\\\/channel\\\/UCb_Won5SE0j8B2yMo0zigoQ\"]},{\"@type\":\"Person\",\"@id\":\"https:\\\/\\\/makutano.cd\\\/fr\\\/#\\\/schema\\\/person\\\/e9c6b4a201b65eee7441dc4af62beb26\",\"name\":\"Christian\",\"image\":{\"@type\":\"ImageObject\",\"inLanguage\":\"en-US\",\"@id\":\"https:\\\/\\\/secure.gravatar.com\\\/avatar\\\/5af5039bcbbf56cda27df3d74a45729eae1a8355ab24c45b9bbeb7ac3e840af5?s=96&d=mm&r=g\",\"url\":\"https:\\\/\\\/secure.gravatar.com\\\/avatar\\\/5af5039bcbbf56cda27df3d74a45729eae1a8355ab24c45b9bbeb7ac3e840af5?s=96&d=mm&r=g\",\"contentUrl\":\"https:\\\/\\\/secure.gravatar.com\\\/avatar\\\/5af5039bcbbf56cda27df3d74a45729eae1a8355ab24c45b9bbeb7ac3e840af5?s=96&d=mm&r=g\",\"caption\":\"Christian\"}}]}<\/script>\n<!-- \/ Yoast SEO plugin. -->","yoast_head_json":{"title":"\u00ab Application de la loi de la sous-traitance en R\u00e9publique d\u00e9mocratique du Congo : Analyse de la rationalit\u00e9 \u00e9conomico-juridique \u00bb - Makutano","robots":{"index":"index","follow":"follow","max-snippet":"max-snippet:-1","max-image-preview":"max-image-preview:large","max-video-preview":"max-video-preview:-1"},"canonical":"https:\/\/makutano.cd\/en\/application-de-la-loi-de-la-sous-traitance-en-republique-democratique-du-congo-analyse-de-la-rationalite-economico-juridique\/","og_locale":"en_US","og_type":"article","og_title":"\u00ab Application de la loi de la sous-traitance en R\u00e9publique d\u00e9mocratique du Congo : Analyse de la rationalit\u00e9 \u00e9conomico-juridique \u00bb - Makutano","og_description":"Jour : Jeudi, 10 d\u00e9cembre 2020, 13h30 \u2013 14h45 Kinshasa time.Lieu : Restaurant &amp; Terrasse Okapi, Pullman Grand HotelMod\u00e9rateurs : Blaise Mbatshi et Willy KalengayiIntervenants : Prof. Andr\u00e9 Nyembwe et M. Ahmed Kalej Nkand, Dg ARSP CONTEXTE A la suite de la promulgation de la Loi n\u00b0 17\/001 du 08 f\u00e9vrier 2017 fixant les r\u00e8gles [&hellip;]","og_url":"https:\/\/makutano.cd\/en\/application-de-la-loi-de-la-sous-traitance-en-republique-democratique-du-congo-analyse-de-la-rationalite-economico-juridique\/","og_site_name":"Makutano","article_publisher":"https:\/\/facebook.com\/MakutanoNetwork","article_published_time":"2020-12-20T19:10:00+00:00","article_modified_time":"2021-03-20T13:28:19+00:00","og_image":[{"width":1200,"height":675,"url":"https:\/\/makutano.cd\/wp-content\/uploads\/2020\/07\/blog-institut-defaut.jpg","type":"image\/jpeg"}],"author":"Christian","twitter_card":"summary_large_image","twitter_creator":"@MakutanoForum","twitter_site":"@MakutanoForum","twitter_misc":{"Written by":"Christian","Est. reading time":"1 minute"},"schema":{"@context":"https:\/\/schema.org","@graph":[{"@type":"Article","@id":"https:\/\/makutano.cd\/application-de-la-loi-de-la-sous-traitance-en-republique-democratique-du-congo-analyse-de-la-rationalite-economico-juridique\/#article","isPartOf":{"@id":"https:\/\/makutano.cd\/application-de-la-loi-de-la-sous-traitance-en-republique-democratique-du-congo-analyse-de-la-rationalite-economico-juridique\/"},"author":{"name":"Christian","@id":"https:\/\/makutano.cd\/fr\/#\/schema\/person\/e9c6b4a201b65eee7441dc4af62beb26"},"headline":"\u00ab Application de la loi de la sous-traitance en R\u00e9publique d\u00e9mocratique du Congo : Analyse de la rationalit\u00e9 \u00e9conomico-juridique \u00bb","datePublished":"2020-12-20T19:10:00+00:00","dateModified":"2021-03-20T13:28:19+00:00","mainEntityOfPage":{"@id":"https:\/\/makutano.cd\/application-de-la-loi-de-la-sous-traitance-en-republique-democratique-du-congo-analyse-de-la-rationalite-economico-juridique\/"},"wordCount":280,"commentCount":0,"publisher":{"@id":"https:\/\/makutano.cd\/fr\/#organization"},"image":{"@id":"https:\/\/makutano.cd\/application-de-la-loi-de-la-sous-traitance-en-republique-democratique-du-congo-analyse-de-la-rationalite-economico-juridique\/#primaryimage"},"thumbnailUrl":"https:\/\/makutano.cd\/wp-content\/uploads\/2020\/07\/blog-institut-defaut.jpg","keywords":["protected"],"articleSection":["Documents de travail"],"inLanguage":"en-US"},{"@type":"WebPage","@id":"https:\/\/makutano.cd\/application-de-la-loi-de-la-sous-traitance-en-republique-democratique-du-congo-analyse-de-la-rationalite-economico-juridique\/","url":"https:\/\/makutano.cd\/application-de-la-loi-de-la-sous-traitance-en-republique-democratique-du-congo-analyse-de-la-rationalite-economico-juridique\/","name":"\u00ab Application de la loi de la sous-traitance en R\u00e9publique d\u00e9mocratique du Congo : Analyse de la rationalit\u00e9 \u00e9conomico-juridique \u00bb - Makutano","isPartOf":{"@id":"https:\/\/makutano.cd\/fr\/#website"},"primaryImageOfPage":{"@id":"https:\/\/makutano.cd\/application-de-la-loi-de-la-sous-traitance-en-republique-democratique-du-congo-analyse-de-la-rationalite-economico-juridique\/#primaryimage"},"image":{"@id":"https:\/\/makutano.cd\/application-de-la-loi-de-la-sous-traitance-en-republique-democratique-du-congo-analyse-de-la-rationalite-economico-juridique\/#primaryimage"},"thumbnailUrl":"https:\/\/makutano.cd\/wp-content\/uploads\/2020\/07\/blog-institut-defaut.jpg","datePublished":"2020-12-20T19:10:00+00:00","dateModified":"2021-03-20T13:28:19+00:00","breadcrumb":{"@id":"https:\/\/makutano.cd\/application-de-la-loi-de-la-sous-traitance-en-republique-democratique-du-congo-analyse-de-la-rationalite-economico-juridique\/#breadcrumb"},"inLanguage":"en-US","potentialAction":[{"@type":"ReadAction","target":["https:\/\/makutano.cd\/application-de-la-loi-de-la-sous-traitance-en-republique-democratique-du-congo-analyse-de-la-rationalite-economico-juridique\/"]}]},{"@type":"ImageObject","inLanguage":"en-US","@id":"https:\/\/makutano.cd\/application-de-la-loi-de-la-sous-traitance-en-republique-democratique-du-congo-analyse-de-la-rationalite-economico-juridique\/#primaryimage","url":"https:\/\/makutano.cd\/wp-content\/uploads\/2020\/07\/blog-institut-defaut.jpg","contentUrl":"https:\/\/makutano.cd\/wp-content\/uploads\/2020\/07\/blog-institut-defaut.jpg","width":1200,"height":675},{"@type":"BreadcrumbList","@id":"https:\/\/makutano.cd\/application-de-la-loi-de-la-sous-traitance-en-republique-democratique-du-congo-analyse-de-la-rationalite-economico-juridique\/#breadcrumb","itemListElement":[{"@type":"ListItem","position":1,"name":"Accueil","item":"https:\/\/makutano.cd\/"},{"@type":"ListItem","position":2,"name":"\u00ab Application de la loi de la sous-traitance en R\u00e9publique d\u00e9mocratique du Congo : Analyse de la rationalit\u00e9 \u00e9conomico-juridique \u00bb"}]},{"@type":"WebSite","@id":"https:\/\/makutano.cd\/fr\/#website","url":"https:\/\/makutano.cd\/fr\/","name":"Makutano","description":"If we don&#039;t, who will ?","publisher":{"@id":"https:\/\/makutano.cd\/fr\/#organization"},"potentialAction":[{"@type":"SearchAction","target":{"@type":"EntryPoint","urlTemplate":"https:\/\/makutano.cd\/fr\/?s={search_term_string}"},"query-input":{"@type":"PropertyValueSpecification","valueRequired":true,"valueName":"search_term_string"}}],"inLanguage":"en-US"},{"@type":"Organization","@id":"https:\/\/makutano.cd\/fr\/#organization","name":"Makutano","url":"https:\/\/makutano.cd\/fr\/","logo":{"@type":"ImageObject","inLanguage":"en-US","@id":"https:\/\/makutano.cd\/fr\/#\/schema\/logo\/image\/","url":"https:\/\/makutano.cd\/wp-content\/uploads\/2020\/06\/Logo-Makutano-inblock.svg","contentUrl":"https:\/\/makutano.cd\/wp-content\/uploads\/2020\/06\/Logo-Makutano-inblock.svg","width":293,"height":80,"caption":"Makutano"},"image":{"@id":"https:\/\/makutano.cd\/fr\/#\/schema\/logo\/image\/"},"sameAs":["https:\/\/facebook.com\/MakutanoNetwork","https:\/\/x.com\/MakutanoForum","https:\/\/www.linkedin.com\/in\/sultanimakutano\/","https:\/\/www.instagram.com\/p\/B192OJ8nkVx\/","https:\/\/www.youtube.com\/channel\/UCb_Won5SE0j8B2yMo0zigoQ"]},{"@type":"Person","@id":"https:\/\/makutano.cd\/fr\/#\/schema\/person\/e9c6b4a201b65eee7441dc4af62beb26","name":"Christian","image":{"@type":"ImageObject","inLanguage":"en-US","@id":"https:\/\/secure.gravatar.com\/avatar\/5af5039bcbbf56cda27df3d74a45729eae1a8355ab24c45b9bbeb7ac3e840af5?s=96&d=mm&r=g","url":"https:\/\/secure.gravatar.com\/avatar\/5af5039bcbbf56cda27df3d74a45729eae1a8355ab24c45b9bbeb7ac3e840af5?s=96&d=mm&r=g","contentUrl":"https:\/\/secure.gravatar.com\/avatar\/5af5039bcbbf56cda27df3d74a45729eae1a8355ab24c45b9bbeb7ac3e840af5?s=96&d=mm&r=g","caption":"Christian"}}]}},"_links":{"self":[{"href":"https:\/\/makutano.cd\/en\/wp-json\/wp\/v2\/posts\/2377","targetHints":{"allow":["GET"]}}],"collection":[{"href":"https:\/\/makutano.cd\/en\/wp-json\/wp\/v2\/posts"}],"about":[{"href":"https:\/\/makutano.cd\/en\/wp-json\/wp\/v2\/types\/post"}],"author":[{"embeddable":true,"href":"https:\/\/makutano.cd\/en\/wp-json\/wp\/v2\/users\/3"}],"replies":[{"embeddable":true,"href":"https:\/\/makutano.cd\/en\/wp-json\/wp\/v2\/comments?post=2377"}],"version-history":[{"count":0,"href":"https:\/\/makutano.cd\/en\/wp-json\/wp\/v2\/posts\/2377\/revisions"}],"wp:featuredmedia":[{"embeddable":true,"href":"https:\/\/makutano.cd\/en\/wp-json\/wp\/v2\/media\/1290"}],"wp:attachment":[{"href":"https:\/\/makutano.cd\/en\/wp-json\/wp\/v2\/media?parent=2377"}],"wp:term":[{"taxonomy":"category","embeddable":true,"href":"https:\/\/makutano.cd\/en\/wp-json\/wp\/v2\/categories?post=2377"},{"taxonomy":"post_tag","embeddable":true,"href":"https:\/\/makutano.cd\/en\/wp-json\/wp\/v2\/tags?post=2377"}],"curies":[{"name":"wp","href":"https:\/\/api.w.org\/{rel}","templated":true}]}}